{"id":3765,"date":"2026-04-22T09:57:19","date_gmt":"2026-04-22T06:57:19","guid":{"rendered":"https:\/\/akev.org.tr\/en\/?p=3765"},"modified":"2026-04-22T09:57:19","modified_gmt":"2026-04-22T06:57:19","slug":"turning-waste-into-art-this-weeks-guest-feride-merve-cakmaktas","status":"publish","type":"post","link":"https:\/\/akev.org.tr\/en\/turning-waste-into-art-this-weeks-guest-feride-merve-cakmaktas\/","title":{"rendered":"Turning Waste into Art: This Week\u2019s Guest \u2013 Feride Merve \u00c7akmakta\u015f"},"content":{"rendered":"\n<p>The upcycling workshops organized within the scope of the <strong>\u201cTurning Waste into Art\u201d<\/strong> project\u2014carried out in collaboration with Istanbul Ayd\u0131n University, Anadolu Education and Culture Foundation (AKEV), \u0130leri Ad\u0131mlar Association, and Ye\u015fil Vatan Platform\u2014continue each week with different facilitators.<\/p>\n\n\n\n<p>This week\u2019s workshop will be led by artist <strong>Feride Merve \u00c7akmakta\u015f<\/strong>. Through the <strong>Printing and Collage Workshop with Recycled Materials<\/strong>, participants will have the opportunity to transform waste materials into creative works of art.<\/p>\n\n\n\n<p>The workshops, held with changing content and instructors each week, aim to both raise environmental awareness and encourage active participation in artistic production processes.<\/p>\n\n\n\n<p>The workshops take place <strong>every Wednesday at 14:00<\/strong> at <strong>Istanbul Ayd\u0131n University, K Block Ground Floor<\/strong>, and are open to all interested participants.<\/p>\n\n\n\n<figure class=\"wp-block-gallery has-nested-images columns-default is-cropped wp-block-gallery-1 is-layout-flex wp-block-gallery-is-layout-flex\">\n<figure class=\"wp-block-image size-large\"><img loading=\"lazy\" decoding=\"async\" width=\"819\" height=\"1024\" data-id=\"3766\" src=\"https:\/\/akev.org.tr\/en\/wp-content\/uploads\/2026\/04\/Akev-Su\u0308rdu\u0308ru\u0308lebilir-I\u0307leri-Feride-Merve-C\u0327akmaktas\u0327-Geri-Do\u0308nu\u0308s\u0327u\u0308m-Ato\u0308lye-C\u0327alis\u0327malari-2026-02-819x1024.jpg\" alt=\"\" class=\"wp-image-3766\" srcset=\"https:\/\/akev.org.tr\/en\/wp-content\/uploads\/2026\/04\/Akev-Su\u0308rdu\u0308ru\u0308lebilir-I\u0307leri-Feride-Merve-C\u0327akmaktas\u0327-Geri-Do\u0308nu\u0308s\u0327u\u0308m-Ato\u0308lye-C\u0327alis\u0327malari-2026-02-819x1024.jpg 819w, https:\/\/akev.org.tr\/en\/wp-content\/uploads\/2026\/04\/Akev-Su\u0308rdu\u0308ru\u0308lebilir-I\u0307leri-Feride-Merve-C\u0327akmaktas\u0327-Geri-Do\u0308nu\u0308s\u0327u\u0308m-Ato\u0308lye-C\u0327alis\u0327malari-2026-02-240x300.jpg 240w, https:\/\/akev.org.tr\/en\/wp-content\/uploads\/2026\/04\/Akev-Su\u0308rdu\u0308ru\u0308lebilir-I\u0307leri-Feride-Merve-C\u0327akmaktas\u0327-Geri-Do\u0308nu\u0308s\u0327u\u0308m-Ato\u0308lye-C\u0327alis\u0327malari-2026-02-768x960.jpg 768w, https:\/\/akev.org.tr\/en\/wp-content\/uploads\/2026\/04\/Akev-Su\u0308rdu\u0308ru\u0308lebilir-I\u0307leri-Feride-Merve-C\u0327akmaktas\u0327-Geri-Do\u0308nu\u0308s\u0327u\u0308m-Ato\u0308lye-C\u0327alis\u0327malari-2026-02-1229x1536.jpg 1229w, https:\/\/akev.org.tr\/en\/wp-content\/uploads\/2026\/04\/Akev-Su\u0308rdu\u0308ru\u0308lebilir-I\u0307leri-Feride-Merve-C\u0327akmaktas\u0327-Geri-Do\u0308nu\u0308s\u0327u\u0308m-Ato\u0308lye-C\u0327alis\u0327malari-2026-02-1639x2048.jpg 1639w, https:\/\/akev.org.tr\/en\/wp-content\/uploads\/2026\/04\/Akev-Su\u0308rdu\u0308ru\u0308lebilir-I\u0307leri-Feride-Merve-C\u0327akmaktas\u0327-Geri-Do\u0308nu\u0308s\u0327u\u0308m-Ato\u0308lye-C\u0327alis\u0327malari-2026-02-scaled.jpg 2048w\" sizes=\"auto, (max-width: 819px) 100vw, 819px\" \/><\/figure>\n<\/figure>\n","protected":false},"excerpt":{"rendered":"<p>The upcycling workshops organized within the scope of the \u201cTurning Waste into Art\u201d project\u2014carried out in collaboration with Istanbul Ayd\u0131n University, Anadolu Education and Culture Foundation (AKEV), \u0130leri Ad\u0131mlar Association, and Ye\u015fil Vatan Platform\u2014continue each week with different facilitators. This week\u2019s workshop will be led by artist Feride Merve \u00c7akmakta\u015f. Through the Printing and Collage [&hellip;]<\/p>\n","protected":false},"author":3,"featured_media":3766,"comment_status":"open","ping_status":"open","sticky":false,"template":"","format":"standard","meta":{"footnotes":""},"categories":[1,7],"tags":[],"class_list":["post-3765","post","type-post","status-publish","format-standard","has-post-thumbnail","hentry","category-general","category-haberler"],"blocksy_meta":[],"_links":{"self":[{"href":"https:\/\/akev.org.tr\/en\/wp-json\/wp\/v2\/posts\/3765","targetHints":{"allow":["GET"]}}],"collection":[{"href":"https:\/\/akev.org.tr\/en\/wp-json\/wp\/v2\/posts"}],"about":[{"href":"https:\/\/akev.org.tr\/en\/wp-json\/wp\/v2\/types\/post"}],"author":[{"embeddable":true,"href":"https:\/\/akev.org.tr\/en\/wp-json\/wp\/v2\/users\/3"}],"replies":[{"embeddable":true,"href":"https:\/\/akev.org.tr\/en\/wp-json\/wp\/v2\/comments?post=3765"}],"version-history":[{"count":1,"href":"https:\/\/akev.org.tr\/en\/wp-json\/wp\/v2\/posts\/3765\/revisions"}],"predecessor-version":[{"id":3767,"href":"https:\/\/akev.org.tr\/en\/wp-json\/wp\/v2\/posts\/3765\/revisions\/3767"}],"wp:featuredmedia":[{"embeddable":true,"href":"https:\/\/akev.org.tr\/en\/wp-json\/wp\/v2\/media\/3766"}],"wp:attachment":[{"href":"https:\/\/akev.org.tr\/en\/wp-json\/wp\/v2\/media?parent=3765"}],"wp:term":[{"taxonomy":"category","embeddable":true,"href":"https:\/\/akev.org.tr\/en\/wp-json\/wp\/v2\/categories?post=3765"},{"taxonomy":"post_tag","embeddable":true,"href":"https:\/\/akev.org.tr\/en\/wp-json\/wp\/v2\/tags?post=3765"}],"curies":[{"name":"wp","href":"https:\/\/api.w.org\/{rel}","templated":true}]}}